{"id":6,"date":"2014-02-10T23:30:24","date_gmt":"2014-02-10T21:30:24","guid":{"rendered":"http:\/\/www.simon-marius.net\/blog\/?p=6"},"modified":"2019-03-13T18:39:59","modified_gmt":"2019-03-13T16:39:59","slug":"marius-jubilaeum-gestartet","status":"publish","type":"post","link":"https:\/\/www.simon-marius.net\/blog\/?p=6","title":{"rendered":"Marius-Jubil\u00e4um gestartet"},"content":{"rendered":"<p><a href=\"https:\/\/www.simon-marius.net\/blog\/wp-content\/uploads\/2014\/02\/Marius-Auftakt-Gruppe_Goerke.jpg\"><img loading=\"lazy\" decoding=\"async\" class=\"alignnone size-medium wp-image-10\" src=\"https:\/\/www.simon-marius.net\/blog\/wp-content\/uploads\/2014\/02\/Marius-Auftakt-Gruppe_Goerke-300x236.jpg\" alt=\"Marius-Auftakt-Gruppe_Goerke\" width=\"300\" height=\"236\" srcset=\"https:\/\/www.simon-marius.net\/blog\/wp-content\/uploads\/2014\/02\/Marius-Auftakt-Gruppe_Goerke-300x236.jpg 300w, https:\/\/www.simon-marius.net\/blog\/wp-content\/uploads\/2014\/02\/Marius-Auftakt-Gruppe_Goerke-1024x805.jpg 1024w, https:\/\/www.simon-marius.net\/blog\/wp-content\/uploads\/2014\/02\/Marius-Auftakt-Gruppe_Goerke.jpg 1200w\" sizes=\"auto, (max-width: 300px) 100vw, 300px\" \/><\/a><\/p>\n<p>Mit gut 160 Ehreng\u00e4sten erlebte das <a href=\"http:\/\/www.simon-marius.net\/index.php?lang=de&amp;menu=1\" target=\"_blank\" rel=\"noopener\">Simon-Marius-Jubil\u00e4um<\/a> am 10. Februar 2014 im Nicolaus-Copernicus-Planetarium N\u00fcrnberg einen festlichen Auftakt, bei dem die Gru\u00dfworte die Wertsch\u00e4tzung von Kommunen, Hochschulen, F\u00f6rderern und zahlreichen Kooperationspartner aus Ansbach, Bamberg, Erlangen, Gunzenhausen und N\u00fcrnberg widerspiegelten. Im Bild: Dr. Wolfgang Eckart (Direktor Bildungscampus N\u00fcrnberg), Prof. Dr. Julia Lehner (Kulturreferentin der Stadt N\u00fcrnberg), <a href=\"https:\/\/art-und-friedrich.de\/persons.php?name=leich_pierre\" target=\"_blank\" rel=\"noopener\">Pierre Leich<\/a> (Herausgeber Marius-Portal), Festreferent Prof. Dr. <a href=\"https:\/\/art-und-friedrich.de\/persons.php?name=keller_hans-ulrich\" target=\"_blank\" rel=\"noopener\">Hans-Ulrich Keller<\/a>, Dr. <a href=\"https:\/\/art-und-friedrich.de\/persons.php?name=hoelzl_dieter\" target=\"_blank\" rel=\"noopener\">Dieter H\u00f6lzl <\/a>(Pr\u00e4sident N\u00fcrnberger Astronomische Gesellschaft), Thomas A.H. Sch\u00f6ck (Kanzler Universit\u00e4t Erlangen-N\u00fcrnberg) und Dieter Schoch (Vorstandsvorsitzender STAEDTLER Stiftung).<\/p>\n<p>Foto: Ramon Goerke<\/p>\n","protected":false},"excerpt":{"rendered":"<p>Mit gut 160 Ehreng\u00e4sten erlebte das Simon-Marius-Jubil\u00e4um am 10. Februar 2014 im Nicolaus-Copernicus-Planetarium N\u00fcrnberg einen festlichen Auftakt, bei dem die Gru\u00dfworte die Wertsch\u00e4tzung von Kommunen, Hochschulen, F\u00f6rderern und zahlreichen Kooperationspartner aus Ansbach, Bamberg, Erlangen, Gunzenhausen und N\u00fcrnberg widerspiegelten. Im Bild: Dr. Wolfgang Eckart (Direktor Bildungscampus N\u00fcrnberg), Prof. Dr. Julia Lehner (Kulturreferentin der Stadt N\u00fcrnberg), Pierre &hellip; <a href=\"https:\/\/www.simon-marius.net\/blog\/?p=6\" class=\"more-link\"><span class=\"screen-reader-text\">Marius-Jubil\u00e4um gestartet<\/span> weiterlesen <span class=\"meta-nav\">&rarr;<\/span><\/a><\/p>\n","protected":false},"author":2,"featured_media":0,"comment_status":"open","ping_status":"open","sticky":false,"template":"","format":"standard","meta":{"footnotes":""},"categories":[1],"tags":[],"class_list":["post-6","post","type-post","status-publish","format-standard","hentry","category-allgemein"],"_links":{"self":[{"href":"https:\/\/www.simon-marius.net\/blog\/index.php?rest_route=\/wp\/v2\/posts\/6","targetHints":{"allow":["GET"]}}],"collection":[{"href":"https:\/\/www.simon-marius.net\/blog\/index.php?rest_route=\/wp\/v2\/posts"}],"about":[{"href":"https:\/\/www.simon-marius.net\/blog\/index.php?rest_route=\/wp\/v2\/types\/post"}],"author":[{"embeddable":true,"href":"https:\/\/www.simon-marius.net\/blog\/index.php?rest_route=\/wp\/v2\/users\/2"}],"replies":[{"embeddable":true,"href":"https:\/\/www.simon-marius.net\/blog\/index.php?rest_route=%2Fwp%2Fv2%2Fcomments&post=6"}],"version-history":[{"count":6,"href":"https:\/\/www.simon-marius.net\/blog\/index.php?rest_route=\/wp\/v2\/posts\/6\/revisions"}],"predecessor-version":[{"id":92,"href":"https:\/\/www.simon-marius.net\/blog\/index.php?rest_route=\/wp\/v2\/posts\/6\/revisions\/92"}],"wp:attachment":[{"href":"https:\/\/www.simon-marius.net\/blog\/index.php?rest_route=%2Fwp%2Fv2%2Fmedia&parent=6"}],"wp:term":[{"taxonomy":"category","embeddable":true,"href":"https:\/\/www.simon-marius.net\/blog\/index.php?rest_route=%2Fwp%2Fv2%2Fcategories&post=6"},{"taxonomy":"post_tag","embeddable":true,"href":"https:\/\/www.simon-marius.net\/blog\/index.php?rest_route=%2Fwp%2Fv2%2Ftags&post=6"}],"curies":[{"name":"wp","href":"https:\/\/api.w.org\/{rel}","templated":true}]}}